{"id":8,"date":"2024-06-09T00:04:38","date_gmt":"2024-06-09T00:04:38","guid":{"rendered":"https:\/\/agenciapais.com\/slqh\/?p=8"},"modified":"2024-06-19T21:12:48","modified_gmt":"2024-06-20T00:12:48","slug":"episodio-1","status":"publish","type":"post","link":"https:\/\/agenciapais.com\/slqh\/2024\/06\/09\/episodio-1\/","title":{"rendered":"Episodio 1"},"content":{"rendered":"\n<p><strong>Amenazas de muerte al intendente Montenegro; un concejal que anda con miedo; Milei y la Inteligencia Artificial; los muertos se afilian a LLA y Maximiliano Abad deja en rid\u00edculo a Maquivelo.<\/strong><\/p>\n\n\n\n<p>(9\/06\/24) Duraci\u00f3n: 17 minutos.\u00a0<\/p>\n\n\n\n<p><strong>SI ES LA PRIMERA VEZ QUE ESCUCHA UN EPISODIO AQU\u00cd, HAGA CLICK EN \u00abLISTEN IN BROWSER\u00bb DEL REPRODUCTOR.<\/strong><\/p>\n\n\n\n<figure class=\"wp-block-embed is-type-rich is-provider-soundcloud wp-block-embed-soundcloud\"><div class=\"wp-block-embed__wrapper\">\n<iframe loading=\"lazy\" title=\"SLQH - Episodio01 by SLQH\" width=\"1140\" height=\"400\" scrolling=\"no\" frameborder=\"no\" src=\"https:\/\/w.soundcloud.com\/player\/?visual=true&#038;url=https%3A%2F%2Fapi.soundcloud.com%2Ftracks%2F1852206735&#038;show_artwork=true&#038;maxheight=1000&#038;maxwidth=1140\"><\/iframe>\n<\/div><\/figure>\n\n\n\n<p><strong>Temas:<br><\/strong>00:30 minutos: Concejal asustado por la integridad del Intendente Montenegro, \u00abamenazado\u00bb por el STM.<br>02:52 minutos: Dinosaurio del Sindicato de trabajadores Municipales convoc\u00f3 a una manifestaci\u00f3n y volvi\u00f3 a extinguirse.<br>05:30 minutos: Milei y su viaje para promocionar Argentina como polo de desarrollo de la IA y la IA como soporte para nuevos enfoques del contenido educativo.<br>09:50 minutos: Varios muertos respondieron al llamado de afiliaci\u00f3n a La Libertad Avanza que impulsa Karina Milei.<br>12:15 minutos: Maximiliano Abad, el senador que almuerza con dios y cena con el diablo.<\/p>\n","protected":false},"excerpt":{"rendered":"<p>Amenazas de muerte al intendente Montenegro; un concejal que anda con miedo; Milei y la Inteligencia Artificial; los muertos se afilian a LLA y Maximiliano Abad deja en rid\u00edculo a Maquivelo. (9\/06\/24) Duraci\u00f3n: 17 minutos.\u00a0 SI ES LA PRIMERA VEZ QUE ESCUCHA UN EPISODIO AQU\u00cd, HAGA CLICK EN \u00abLISTEN IN BROWSER\u00bb DEL REPRODUCTOR. Temas:00:30 minutos: [&hellip;]<\/p>\n","protected":false},"author":1,"featured_media":158,"comment_status":"closed","ping_status":"closed","sticky":false,"template":"","format":"standard","meta":{"footnotes":""},"categories":[6],"tags":[17,24,22,21,23,25],"class_list":["post-8","post","type-post","status-publish","format-standard","has-post-thumbnail","hentry","category-episodio-podcast","tag-guillermo-montenegro","tag-ia","tag-javier-milei","tag-karina-milei","tag-lla","tag-maximiliano-abad"],"_links":{"self":[{"href":"https:\/\/agenciapais.com\/slqh\/wp-json\/wp\/v2\/posts\/8","targetHints":{"allow":["GET"]}}],"collection":[{"href":"https:\/\/agenciapais.com\/slqh\/wp-json\/wp\/v2\/posts"}],"about":[{"href":"https:\/\/agenciapais.com\/slqh\/wp-json\/wp\/v2\/types\/post"}],"author":[{"embeddable":true,"href":"https:\/\/agenciapais.com\/slqh\/wp-json\/wp\/v2\/users\/1"}],"replies":[{"embeddable":true,"href":"https:\/\/agenciapais.com\/slqh\/wp-json\/wp\/v2\/comments?post=8"}],"version-history":[{"count":21,"href":"https:\/\/agenciapais.com\/slqh\/wp-json\/wp\/v2\/posts\/8\/revisions"}],"predecessor-version":[{"id":184,"href":"https:\/\/agenciapais.com\/slqh\/wp-json\/wp\/v2\/posts\/8\/revisions\/184"}],"wp:featuredmedia":[{"embeddable":true,"href":"https:\/\/agenciapais.com\/slqh\/wp-json\/wp\/v2\/media\/158"}],"wp:attachment":[{"href":"https:\/\/agenciapais.com\/slqh\/wp-json\/wp\/v2\/media?parent=8"}],"wp:term":[{"taxonomy":"category","embeddable":true,"href":"https:\/\/agenciapais.com\/slqh\/wp-json\/wp\/v2\/categories?post=8"},{"taxonomy":"post_tag","embeddable":true,"href":"https:\/\/agenciapais.com\/slqh\/wp-json\/wp\/v2\/tags?post=8"}],"curies":[{"name":"wp","href":"https:\/\/api.w.org\/{rel}","templated":true}]}}